{"id":1584,"date":"2025-04-24T00:10:12","date_gmt":"2025-04-23T22:10:12","guid":{"rendered":"https:\/\/corothalassa.com\/?p=1584"},"modified":"2025-05-13T22:48:03","modified_gmt":"2025-05-13T20:48:03","slug":"misa-cantada-en-bueu","status":"publish","type":"post","link":"https:\/\/corothalassa.com\/index.php\/2025\/04\/24\/misa-cantada-en-bueu\/","title":{"rendered":"Misa cantada en Bueu"},"content":{"rendered":"\n[et_pb_section fb_built=\u00bb1&#8243; _builder_version=\u00bb4.16&#8243; global_colors_info=\u00bb{}\u00bb][et_pb_row _builder_version=\u00bb4.16&#8243; background_size=\u00bbinitial\u00bb background_position=\u00bbtop_left\u00bb background_repeat=\u00bbrepeat\u00bb global_colors_info=\u00bb{}\u00bb][et_pb_column type=\u00bb4_4&#8243; _builder_version=\u00bb4.16&#8243; custom_padding=\u00bb|||\u00bb global_colors_info=\u00bb{}\u00bb custom_padding__hover=\u00bb|||\u00bb][et_pb_text _builder_version=\u00bb4.16&#8243; background_size=\u00bbinitial\u00bb background_position=\u00bbtop_left\u00bb background_repeat=\u00bbrepeat\u00bb global_colors_info=\u00bb{}\u00bb]<!-- divi:paragraph -->\n<p style=\"text-align: justify;\"><\/p>\n<p style=\"text-align: justify;\">El pr\u00f3ximo domingo, 27 de abril, a las 12:00 h, estaremos en <strong>Bueu<\/strong> cantando la <strong>Misa de la Misericordia<\/strong> en la Iglesia Parroquial de San Marti\u00f1o. Estamos preparando con gran ilusi\u00f3n un cuidado programa de m\u00fasica sacra que abarca desde el Renacimiento hasta la actualidad con obras de Thallis, Palestrina, Haendel y Frisina, entre otros, que creemos contribuir\u00e1n a enriquecer la Liturgia.<\/p>\n<p style=\"text-align: justify;\"><br \/>Queremos agradecer al P\u00e1rroco su invitaci\u00f3n a participar en esta celebraci\u00f3n, a la que os animamos a asistir.\u00a0\u00a0<\/p>\n<!-- \/divi:paragraph -->[\/et_pb_text][et_pb_image src=\u00bbhttps:\/\/corothalassa.com\/wp-content\/uploads\/2025\/04\/20190908_085853-2.jpg\u00bb title_text=\u00bb20190908_085853-2&#8243; _builder_version=\u00bb4.27.4&#8243; _module_preset=\u00bbdefault\u00bb global_colors_info=\u00bb{}\u00bb][\/et_pb_image][\/et_pb_column][\/et_pb_row][et_pb_row _builder_version=\u00bb4.27.4&#8243; _module_preset=\u00bbdefault\u00bb global_colors_info=\u00bb{}\u00bb][et_pb_column type=\u00bb4_4&#8243; _builder_version=\u00bb4.27.4&#8243; _module_preset=\u00bbdefault\u00bb global_colors_info=\u00bb{}\u00bb][\/et_pb_column][\/et_pb_row][\/et_pb_section]\n","protected":false},"excerpt":{"rendered":"<p>El pr\u00f3ximo domingo, 27 de abril, a las 12:00 h, estaremos en Bueu cantando la Misa de la Misericordia en la Iglesia Parroquial de San Marti\u00f1o. Estamos preparando con gran ilusi\u00f3n un cuidado programa de m\u00fasica sacra que abarca desde el Renacimiento hasta la actualidad con obras de Thallis, Palestrina, Haendel y Frisina, entre otros, [&hellip;]<\/p>\n","protected":false},"author":3,"featured_media":1589,"comment_status":"open","ping_status":"open","sticky":false,"template":"","format":"standard","meta":{"_et_pb_use_builder":"on","_et_pb_old_content":"","_et_gb_content_width":"","footnotes":""},"categories":[5,1,6],"tags":[18,23,17,19],"class_list":["post-1584","post","type-post","status-publish","format-standard","has-post-thumbnail","hentry","category-actuaciones","category-blog","category-noticias","tag-bueu","tag-coro-crecente","tag-coro_thalassa","tag-misa-cantada"],"yoast_head":"<!-- This site is optimized with the Yoast SEO plugin v25.9 - https:\/\/yoast.com\/wordpress\/plugins\/seo\/ -->\n<title>Misa cantada en Bueu - Coro Thalassa<\/title>\n<meta name=\"robots\" content=\"index, follow, max-snippet:-1, max-image-preview:large, max-video-preview:-1\" \/>\n<link rel=\"canonical\" href=\"https:\/\/corothalassa.com\/index.php\/2025\/04\/24\/misa-cantada-en-bueu\/\" \/>\n<meta property=\"og:locale\" content=\"es_ES\" \/>\n<meta property=\"og:type\" content=\"article\" \/>\n<meta property=\"og:title\" content=\"Misa cantada en Bueu - Coro Thalassa\" \/>\n<meta property=\"og:description\" content=\"El pr\u00f3ximo domingo, 27 de abril, a las 12:00 h, estaremos en Bueu cantando la Misa de la Misericordia en la Iglesia Parroquial de San Marti\u00f1o. Estamos preparando con gran ilusi\u00f3n un cuidado programa de m\u00fasica sacra que abarca desde el Renacimiento hasta la actualidad con obras de Thallis, Palestrina, Haendel y Frisina, entre otros, [&hellip;]\" \/>\n<meta property=\"og:url\" content=\"https:\/\/corothalassa.com\/index.php\/2025\/04\/24\/misa-cantada-en-bueu\/\" \/>\n<meta property=\"og:site_name\" content=\"Coro Thalassa\" \/>\n<meta property=\"article:published_time\" content=\"2025-04-23T22:10:12+00:00\" \/>\n<meta property=\"article:modified_time\" content=\"2025-05-13T20:48:03+00:00\" \/>\n<meta property=\"og:image\" content=\"https:\/\/corothalassa.com\/wp-content\/uploads\/2025\/04\/PON1810P22F1.jpg\" \/>\n\t<meta property=\"og:image:width\" content=\"1280\" \/>\n\t<meta property=\"og:image:height\" content=\"851\" \/>\n\t<meta property=\"og:image:type\" content=\"image\/jpeg\" \/>\n<meta name=\"author\" content=\"Eduardo Campos Coello\" \/>\n<meta name=\"twitter:card\" content=\"summary_large_image\" \/>\n<meta name=\"twitter:label1\" content=\"Escrito por\" \/>\n\t<meta name=\"twitter:data1\" content=\"Eduardo Campos Coello\" \/>\n\t<meta name=\"twitter:label2\" content=\"Tiempo de lectura\" \/>\n\t<meta name=\"twitter:data2\" content=\"1 minuto\" \/>\n<script type=\"application\/ld+json\" class=\"yoast-schema-graph\">{\"@context\":\"https:\/\/schema.org\",\"@graph\":[{\"@type\":\"WebPage\",\"@id\":\"https:\/\/corothalassa.com\/index.php\/2025\/04\/24\/misa-cantada-en-bueu\/\",\"url\":\"https:\/\/corothalassa.com\/index.php\/2025\/04\/24\/misa-cantada-en-bueu\/\",\"name\":\"Misa cantada en Bueu - Coro Thalassa\",\"isPartOf\":{\"@id\":\"https:\/\/corothalassa.com\/#website\"},\"primaryImageOfPage\":{\"@id\":\"https:\/\/corothalassa.com\/index.php\/2025\/04\/24\/misa-cantada-en-bueu\/#primaryimage\"},\"image\":{\"@id\":\"https:\/\/corothalassa.com\/index.php\/2025\/04\/24\/misa-cantada-en-bueu\/#primaryimage\"},\"thumbnailUrl\":\"https:\/\/corothalassa.com\/wp-content\/uploads\/2025\/04\/PON1810P22F1.jpg\",\"datePublished\":\"2025-04-23T22:10:12+00:00\",\"dateModified\":\"2025-05-13T20:48:03+00:00\",\"author\":{\"@id\":\"https:\/\/corothalassa.com\/#\/schema\/person\/ed11a4fa71a5781033af1dbe2221170b\"},\"breadcrumb\":{\"@id\":\"https:\/\/corothalassa.com\/index.php\/2025\/04\/24\/misa-cantada-en-bueu\/#breadcrumb\"},\"inLanguage\":\"es\",\"potentialAction\":[{\"@type\":\"ReadAction\",\"target\":[\"https:\/\/corothalassa.com\/index.php\/2025\/04\/24\/misa-cantada-en-bueu\/\"]}]},{\"@type\":\"ImageObject\",\"inLanguage\":\"es\",\"@id\":\"https:\/\/corothalassa.com\/index.php\/2025\/04\/24\/misa-cantada-en-bueu\/#primaryimage\",\"url\":\"https:\/\/corothalassa.com\/wp-content\/uploads\/2025\/04\/PON1810P22F1.jpg\",\"contentUrl\":\"https:\/\/corothalassa.com\/wp-content\/uploads\/2025\/04\/PON1810P22F1.jpg\",\"width\":1280,\"height\":851},{\"@type\":\"BreadcrumbList\",\"@id\":\"https:\/\/corothalassa.com\/index.php\/2025\/04\/24\/misa-cantada-en-bueu\/#breadcrumb\",\"itemListElement\":[{\"@type\":\"ListItem\",\"position\":1,\"name\":\"Home\",\"item\":\"https:\/\/corothalassa.com\/\"},{\"@type\":\"ListItem\",\"position\":2,\"name\":\"Misa cantada en Bueu\"}]},{\"@type\":\"WebSite\",\"@id\":\"https:\/\/corothalassa.com\/#website\",\"url\":\"https:\/\/corothalassa.com\/\",\"name\":\"Coro Thalassa\",\"description\":\"Thalassa Coro de C\u00e1mara\",\"potentialAction\":[{\"@type\":\"SearchAction\",\"target\":{\"@type\":\"EntryPoint\",\"urlTemplate\":\"https:\/\/corothalassa.com\/?s={search_term_string}\"},\"query-input\":{\"@type\":\"PropertyValueSpecification\",\"valueRequired\":true,\"valueName\":\"search_term_string\"}}],\"inLanguage\":\"es\"},{\"@type\":\"Person\",\"@id\":\"https:\/\/corothalassa.com\/#\/schema\/person\/ed11a4fa71a5781033af1dbe2221170b\",\"name\":\"Eduardo Campos Coello\",\"image\":{\"@type\":\"ImageObject\",\"inLanguage\":\"es\",\"@id\":\"https:\/\/corothalassa.com\/#\/schema\/person\/image\/\",\"url\":\"https:\/\/secure.gravatar.com\/avatar\/127e10854b9d16f40a4dacb48a26b74ae3da51d8e791de7cf6bf59feaf29d5f2?s=96&d=mm&r=g\",\"contentUrl\":\"https:\/\/secure.gravatar.com\/avatar\/127e10854b9d16f40a4dacb48a26b74ae3da51d8e791de7cf6bf59feaf29d5f2?s=96&d=mm&r=g\",\"caption\":\"Eduardo Campos Coello\"},\"url\":\"https:\/\/corothalassa.com\/index.php\/author\/eduardo\/\"}]}<\/script>\n<!-- \/ Yoast SEO plugin. -->","yoast_head_json":{"title":"Misa cantada en Bueu - Coro Thalassa","robots":{"index":"index","follow":"follow","max-snippet":"max-snippet:-1","max-image-preview":"max-image-preview:large","max-video-preview":"max-video-preview:-1"},"canonical":"https:\/\/corothalassa.com\/index.php\/2025\/04\/24\/misa-cantada-en-bueu\/","og_locale":"es_ES","og_type":"article","og_title":"Misa cantada en Bueu - Coro Thalassa","og_description":"El pr\u00f3ximo domingo, 27 de abril, a las 12:00 h, estaremos en Bueu cantando la Misa de la Misericordia en la Iglesia Parroquial de San Marti\u00f1o. Estamos preparando con gran ilusi\u00f3n un cuidado programa de m\u00fasica sacra que abarca desde el Renacimiento hasta la actualidad con obras de Thallis, Palestrina, Haendel y Frisina, entre otros, [&hellip;]","og_url":"https:\/\/corothalassa.com\/index.php\/2025\/04\/24\/misa-cantada-en-bueu\/","og_site_name":"Coro Thalassa","article_published_time":"2025-04-23T22:10:12+00:00","article_modified_time":"2025-05-13T20:48:03+00:00","og_image":[{"width":1280,"height":851,"url":"https:\/\/corothalassa.com\/wp-content\/uploads\/2025\/04\/PON1810P22F1.jpg","type":"image\/jpeg"}],"author":"Eduardo Campos Coello","twitter_card":"summary_large_image","twitter_misc":{"Escrito por":"Eduardo Campos Coello","Tiempo de lectura":"1 minuto"},"schema":{"@context":"https:\/\/schema.org","@graph":[{"@type":"WebPage","@id":"https:\/\/corothalassa.com\/index.php\/2025\/04\/24\/misa-cantada-en-bueu\/","url":"https:\/\/corothalassa.com\/index.php\/2025\/04\/24\/misa-cantada-en-bueu\/","name":"Misa cantada en Bueu - Coro Thalassa","isPartOf":{"@id":"https:\/\/corothalassa.com\/#website"},"primaryImageOfPage":{"@id":"https:\/\/corothalassa.com\/index.php\/2025\/04\/24\/misa-cantada-en-bueu\/#primaryimage"},"image":{"@id":"https:\/\/corothalassa.com\/index.php\/2025\/04\/24\/misa-cantada-en-bueu\/#primaryimage"},"thumbnailUrl":"https:\/\/corothalassa.com\/wp-content\/uploads\/2025\/04\/PON1810P22F1.jpg","datePublished":"2025-04-23T22:10:12+00:00","dateModified":"2025-05-13T20:48:03+00:00","author":{"@id":"https:\/\/corothalassa.com\/#\/schema\/person\/ed11a4fa71a5781033af1dbe2221170b"},"breadcrumb":{"@id":"https:\/\/corothalassa.com\/index.php\/2025\/04\/24\/misa-cantada-en-bueu\/#breadcrumb"},"inLanguage":"es","potentialAction":[{"@type":"ReadAction","target":["https:\/\/corothalassa.com\/index.php\/2025\/04\/24\/misa-cantada-en-bueu\/"]}]},{"@type":"ImageObject","inLanguage":"es","@id":"https:\/\/corothalassa.com\/index.php\/2025\/04\/24\/misa-cantada-en-bueu\/#primaryimage","url":"https:\/\/corothalassa.com\/wp-content\/uploads\/2025\/04\/PON1810P22F1.jpg","contentUrl":"https:\/\/corothalassa.com\/wp-content\/uploads\/2025\/04\/PON1810P22F1.jpg","width":1280,"height":851},{"@type":"BreadcrumbList","@id":"https:\/\/corothalassa.com\/index.php\/2025\/04\/24\/misa-cantada-en-bueu\/#breadcrumb","itemListElement":[{"@type":"ListItem","position":1,"name":"Home","item":"https:\/\/corothalassa.com\/"},{"@type":"ListItem","position":2,"name":"Misa cantada en Bueu"}]},{"@type":"WebSite","@id":"https:\/\/corothalassa.com\/#website","url":"https:\/\/corothalassa.com\/","name":"Coro Thalassa","description":"Thalassa Coro de C\u00e1mara","potentialAction":[{"@type":"SearchAction","target":{"@type":"EntryPoint","urlTemplate":"https:\/\/corothalassa.com\/?s={search_term_string}"},"query-input":{"@type":"PropertyValueSpecification","valueRequired":true,"valueName":"search_term_string"}}],"inLanguage":"es"},{"@type":"Person","@id":"https:\/\/corothalassa.com\/#\/schema\/person\/ed11a4fa71a5781033af1dbe2221170b","name":"Eduardo Campos Coello","image":{"@type":"ImageObject","inLanguage":"es","@id":"https:\/\/corothalassa.com\/#\/schema\/person\/image\/","url":"https:\/\/secure.gravatar.com\/avatar\/127e10854b9d16f40a4dacb48a26b74ae3da51d8e791de7cf6bf59feaf29d5f2?s=96&d=mm&r=g","contentUrl":"https:\/\/secure.gravatar.com\/avatar\/127e10854b9d16f40a4dacb48a26b74ae3da51d8e791de7cf6bf59feaf29d5f2?s=96&d=mm&r=g","caption":"Eduardo Campos Coello"},"url":"https:\/\/corothalassa.com\/index.php\/author\/eduardo\/"}]}},"_links":{"self":[{"href":"https:\/\/corothalassa.com\/index.php\/wp-json\/wp\/v2\/posts\/1584","targetHints":{"allow":["GET"]}}],"collection":[{"href":"https:\/\/corothalassa.com\/index.php\/wp-json\/wp\/v2\/posts"}],"about":[{"href":"https:\/\/corothalassa.com\/index.php\/wp-json\/wp\/v2\/types\/post"}],"author":[{"embeddable":true,"href":"https:\/\/corothalassa.com\/index.php\/wp-json\/wp\/v2\/users\/3"}],"replies":[{"embeddable":true,"href":"https:\/\/corothalassa.com\/index.php\/wp-json\/wp\/v2\/comments?post=1584"}],"version-history":[{"count":8,"href":"https:\/\/corothalassa.com\/index.php\/wp-json\/wp\/v2\/posts\/1584\/revisions"}],"predecessor-version":[{"id":1600,"href":"https:\/\/corothalassa.com\/index.php\/wp-json\/wp\/v2\/posts\/1584\/revisions\/1600"}],"wp:featuredmedia":[{"embeddable":true,"href":"https:\/\/corothalassa.com\/index.php\/wp-json\/wp\/v2\/media\/1589"}],"wp:attachment":[{"href":"https:\/\/corothalassa.com\/index.php\/wp-json\/wp\/v2\/media?parent=1584"}],"wp:term":[{"taxonomy":"category","embeddable":true,"href":"https:\/\/corothalassa.com\/index.php\/wp-json\/wp\/v2\/categories?post=1584"},{"taxonomy":"post_tag","embeddable":true,"href":"https:\/\/corothalassa.com\/index.php\/wp-json\/wp\/v2\/tags?post=1584"}],"curies":[{"name":"wp","href":"https:\/\/api.w.org\/{rel}","templated":true}]}}